{"id":45912,"date":"2026-05-01T19:59:53","date_gmt":"2026-05-01T18:59:53","guid":{"rendered":"https:\/\/couleursjazz.fr\/?p=45912"},"modified":"2026-05-01T19:59:53","modified_gmt":"2026-05-01T18:59:53","slug":"jan-harbeck-quartet-conversation","status":"publish","type":"post","link":"https:\/\/couleursjazz.fr\/fr\/jan-harbeck-quartet-conversation\/","title":{"rendered":"Jan Harbeck Quartet &#8211; Conversation"},"content":{"rendered":"<p style=\"font-weight: 400;\"><span style=\"font-size: 14pt;\"><strong>Nouvelle visite du quartet du t\u00e9nor Jan Harbeck et de ses accompagnateurs, qui sont plus que cela, attitr\u00e9s. Une conversation qui est plus qu\u2019un soliloque tant la pr\u00e9sence de la rythmique donne de l\u2019\u00e9paisseur au jeu du saxophoniste.<\/strong><\/span><\/p>\n<p style=\"font-weight: 400;\"><span style=\"font-size: 14pt;\">Il y a imm\u00e9diatement ce chuintement caract\u00e9ristique d\u2019un souffle retenu et ce quelque chose de Ben Webster qui \u00e9mane dans la sonorit\u00e9 du saxophoniste. Le souffle \u00e0 c\u00f4t\u00e9 du souffle qui donne \u00e0 l\u2019audition une double sensation feutr\u00e9e, tout est dans la ma\u00eetrise du souffle plus que dans le jeu des tampons. Le signe d\u2019un m\u00e9lodiste qui privil\u00e9gie la romance \u00e0 la technique.<\/span><\/p>\n<p style=\"font-weight: 400;\"><span style=\"font-size: 14pt;\">Si l\u2019on ajoute \u00e0 cela les accords improbables du pianiste et sa main droite virevoltante, les assauts assur\u00e9s et satur\u00e9s du batteur et l\u2019omnipr\u00e9sence temp\u00e9r\u00e9e du contrebassiste, on a un quartet d\u2019une v\u00e9locit\u00e9 rare qui nous conjuguerait du Satie avec du Bach.<\/span><\/p>\n<p style=\"font-weight: 400;\"><span style=\"font-size: 14pt;\">Mais c\u2019est bien de Jazz dont il s\u2019agit, avec son relent de blues qui se perd parfois dans des m\u00e9andres bop (<em>Out of The Blue<\/em>). Un accent trainant qui laisse filer la partition (<em>Odd One Out<\/em>), des notes gliss\u00e9es aux confins de tessiture (<em>Airwaves<\/em>), c\u2019est en quelque sorte une master-class de l\u2019instrument.<\/span><\/p>\n<p style=\"font-weight: 400;\"><span style=\"font-size: 14pt;\">Toutes les compositions sont sign\u00e9es du ma\u00eetre souffleur, comme une ode intimiste \u00e0 destination d\u2019une conversation \u00e0 quatre comp\u00e8res associ\u00e9s qui se suivent dans le temps \u00e0 la pratique de l\u2019Art. Il s\u2019agit ici de la cinqui\u00e8me livraison du saxophoniste dont on n\u2019oserait dire qu\u2019il est \u00e9gal \u00e0 lui-m\u00eame, ce qui ferait faire offense au d\u00e9veloppement de la subtilit\u00e9 de son \u00e9criture et \u00e0 ses interpr\u00e9tations classico-d\u00e9coiffantes toujours renouvel\u00e9es.<\/span><\/p>\n<p style=\"font-weight: 400;\"><span style=\"font-size: 14pt;\">Ce n\u2019est pas un quartet jazz qui sort des sentiers battus, loin de la pale imitation ou des relectures faciles, le quartet de <strong>Jan Harbeck<\/strong> c\u2019est de l\u2019art contemporain qui aurait un si\u00e8cle, un synth\u00e9tiseur qui jouerait du clavecin avec une sonorit\u00e9 de Steinway Grand Concert.<\/span><\/p>\n<p style=\"font-weight: 400;\"><span style=\"font-size: 14pt;\">Et puis il y a le souffle. Le souffle\u2026La anche bien temp\u00e9r\u00e9e\u00a0!<\/span><\/p>\n<p style=\"font-weight: 400;\"><iframe loading=\"lazy\" style=\"border-radius: 12px;\" src=\"https:\/\/open.spotify.com\/embed\/album\/467kPYxJEZF18wqwzDX1UM?utm_source=generator\" width=\"100%\" height=\"352\" frameborder=\"0\" allowfullscreen=\"allowfullscreen\" data-testid=\"embed-iframe\"><\/iframe><\/p>\n<p style=\"font-weight: 400;\"><span style=\"font-size: 14pt;\">Personnel\u00a0:<\/span><\/p>\n<p style=\"font-weight: 400;\"><span style=\"font-size: 14pt;\"><strong>Jan Harbeck<\/strong> \u2013 Saxophone t\u00e9nor<\/span><\/p>\n<p style=\"font-weight: 400;\"><span style=\"font-size: 14pt;\"><strong>Henrik Gunde<\/strong> &#8211; Piano<\/span><\/p>\n<p style=\"font-weight: 400;\"><span style=\"font-size: 14pt;\"><strong>Eske N\u00f8rrelykke<\/strong> &#8211; Contrebasse<\/span><\/p>\n<p style=\"font-weight: 400;\"><span style=\"font-size: 14pt;\"><strong>Anders Holm<\/strong> \u2013 Batterie<\/span><\/p>\n<p><span style=\"font-size: 14pt;\"><strong><em>Conversation<\/em><\/strong><span style=\"font-weight: 400;\">, <span style=\"color: #ff0000;\"><strong>Hit Couleurs Jazz <\/strong><span style=\"color: #000000;\">&amp;<\/span><strong> Best of the Month<\/strong><\/span> est sorti sous le label <a href=\"https:\/\/www.facebook.com\/StuntRecords\/\"><em>Stunt Records<\/em><\/a>, le 24 avril 2026.<\/span><\/span><\/p>\n<p><strong><span style=\"font-size: 14pt;\">\u00a9Photos S\u00f8ren R\u00f8nholt<\/span><\/strong><\/p>\n","protected":false},"excerpt":{"rendered":"<p>Nouvelle visite du quartet du t\u00e9nor Jan Harbeck et de ses accompagnateurs, qui sont plus que cela, attitr\u00e9s. Une conversation qui est plus qu\u2019un soliloque tant la pr\u00e9sence de la&#8230;<\/p>\n","protected":false},"author":132,"featured_media":45913,"comment_status":"open","ping_status":"open","sticky":false,"template":"","format":"standard","meta":{"_acf_changed":false,"footnotes":""},"categories":[70,202,969],"tags":[7171,7170,7169,3468],"class_list":{"0":"post-45912","1":"post","2":"type-post","3":"status-publish","4":"format-standard","5":"has-post-thumbnail","7":"category-a-la-une","8":"category-dans-les-bacs","9":"category-hits-couleurs-jazz","10":"tag-anders-holm","11":"tag-eske-norrelykke","12":"tag-henrik-gunde","13":"tag-jan-harbeck-fr"},"acf":[],"_links":{"self":[{"href":"https:\/\/couleursjazz.fr\/fr\/wp-json\/wp\/v2\/posts\/45912","targetHints":{"allow":["GET"]}}],"collection":[{"href":"https:\/\/couleursjazz.fr\/fr\/wp-json\/wp\/v2\/posts"}],"about":[{"href":"https:\/\/couleursjazz.fr\/fr\/wp-json\/wp\/v2\/types\/post"}],"author":[{"embeddable":true,"href":"https:\/\/couleursjazz.fr\/fr\/wp-json\/wp\/v2\/users\/132"}],"replies":[{"embeddable":true,"href":"https:\/\/couleursjazz.fr\/fr\/wp-json\/wp\/v2\/comments?post=45912"}],"version-history":[{"count":1,"href":"https:\/\/couleursjazz.fr\/fr\/wp-json\/wp\/v2\/posts\/45912\/revisions"}],"predecessor-version":[{"id":45917,"href":"https:\/\/couleursjazz.fr\/fr\/wp-json\/wp\/v2\/posts\/45912\/revisions\/45917"}],"wp:featuredmedia":[{"embeddable":true,"href":"https:\/\/couleursjazz.fr\/fr\/wp-json\/wp\/v2\/media\/45913"}],"wp:attachment":[{"href":"https:\/\/couleursjazz.fr\/fr\/wp-json\/wp\/v2\/media?parent=45912"}],"wp:term":[{"taxonomy":"category","embeddable":true,"href":"https:\/\/couleursjazz.fr\/fr\/wp-json\/wp\/v2\/categories?post=45912"},{"taxonomy":"post_tag","embeddable":true,"href":"https:\/\/couleursjazz.fr\/fr\/wp-json\/wp\/v2\/tags?post=45912"}],"curies":[{"name":"wp","href":"https:\/\/api.w.org\/{rel}","templated":true}]}}