{"id":45910,"date":"2026-05-01T17:27:43","date_gmt":"2026-05-01T16:27:43","guid":{"rendered":"https:\/\/couleursjazz.fr\/?p=45910"},"modified":"2026-05-01T17:30:37","modified_gmt":"2026-05-01T16:30:37","slug":"joel-lyssarides-late-on-earth","status":"publish","type":"post","link":"https:\/\/couleursjazz.fr\/fr\/joel-lyssarides-late-on-earth\/","title":{"rendered":"Joel Lyssarides &#8211; Late on Earth"},"content":{"rendered":"<p style=\"font-weight: 400;\"><span style=\"font-size: 14pt;\"><strong>C\u2019est une musique profond\u00e9ment atmosph\u00e9rique que celle que propose ici le pianiste su\u00e9dois Joel Lyssarides. <\/strong><\/span><\/p>\n<p style=\"font-weight: 400;\"><span style=\"font-size: 14pt;\">Une atmosph\u00e8re recueillie, m\u00e9ditative et \u00e0 la fois solaire, mais un soleil scandinave qui ne br\u00fble pas et ne pousse pas \u00e0 rechercher l\u2019ombre. Le piano affiche une fa\u00e7on de d\u00e9ployer les trames harmoniques qui \u00e9vite la trop grande sophistication et privil\u00e9gie des accords pleins, d\u2019une grande richesse m\u00e9lodique, que le musicien va parfois chercher dans les graves de son instrument.<\/span><\/p>\n<p style=\"font-weight: 400;\"><span style=\"font-size: 14pt;\">La main droite, dans ce contexte, d\u00e9roule de belles m\u00e9lodies aux contours chatoyants avec un toucher souvent perl\u00e9, qui sonnent avec un naturel, voire une candeur impressionnante et qui viennent se loger en douceur dans l\u2019oreille de l\u2019auditeur.<\/span><\/p>\n<p style=\"font-weight: 400;\"><span style=\"font-size: 14pt;\">Celui-ci est, sur d\u2019autres titres \u2014 tous de la plume de <strong>Lyssarides<\/strong> \u2014, emport\u00e9 vers des rivages o\u00f9 le rythme est plus affirm\u00e9 en un phras\u00e9 volontiers staccato, tout en conservant cette qualit\u00e9 musicale qui en fait des sortes d\u2019hymnes d\u2019une religion bienveillante et humaine.<\/span><\/p>\n<p style=\"font-weight: 400;\"><span style=\"font-size: 14pt;\">Le pianiste est accompagn\u00e9 dans sa d\u00e9marche par deux partenaires de premier ordre.<\/span><\/p>\n<p style=\"font-weight: 400;\"><span style=\"font-size: 14pt;\"><strong>Niklas Fernqvist<\/strong> est un bassiste \u00e0 la sonorit\u00e9 pulpeuse, riche et profonde et son drive paisible et majestueux convient \u00e0 merveille \u00e0 son leader.<\/span><\/p>\n<p style=\"font-weight: 400;\"><span style=\"font-size: 14pt;\"><strong>Rasmus Blixt<\/strong>, quant \u00e0 lui, fait un usage \u00e9minemment m\u00e9lodique de sa batterie o\u00f9 il multiplie les friselis de cymbales, privil\u00e9giant par endroits un jeu aux balais d\u2019une grande subtilit\u00e9.<\/span><\/p>\n<p style=\"font-weight: 400;\"><span style=\"font-size: 14pt;\">Au total on a l\u00e0 un disque qui convainc facilement par la sinc\u00e9rit\u00e9 de son approche du son de groupe, une caract\u00e9ristique qui le distingue \u2014 d\u00e8s les premi\u00e8res notes \u2014 de la majorit\u00e9 de ses concurrents dans un cr\u00e9neau stylistique o\u00f9 le trio piano\/basse\/batterie est la plus courue des formations de jazz instrumental.\u00a0<\/span><\/p>\n<p style=\"font-weight: 400;\"><iframe loading=\"lazy\" style=\"border-radius: 12px;\" src=\"https:\/\/open.spotify.com\/embed\/album\/63CbMzRTlGlHhpanS4BAvZ?utm_source=generator\" width=\"100%\" height=\"352\" frameborder=\"0\" allowfullscreen=\"allowfullscreen\" data-testid=\"embed-iframe\" data-mce-fragment=\"1\"><\/iframe><\/p>\n<p style=\"font-weight: 400;\"><span style=\"font-size: 14pt;\">Musiciens\u00a0:<\/span><\/p>\n<p style=\"font-weight: 400;\"><span style=\"font-size: 14pt;\"><strong>Joel Lyssarides<\/strong>\u00a0: piano<\/span><\/p>\n<p style=\"font-weight: 400;\"><span style=\"font-size: 14pt;\"><strong>Niklas Fernqvist<\/strong>\u00a0: contrebasse<\/span><\/p>\n<p style=\"font-weight: 400;\"><span style=\"font-size: 14pt;\"><strong>Rasmus Blixt<\/strong>\u00a0: batterie<\/span><\/p>\n<p style=\"font-weight: 400;\"><span style=\"font-size: 14pt;\"><strong><em>Late on Earth<\/em><\/strong>, <span style=\"color: #ff0000;\"><strong>Hit Couleurs Jazz<\/strong> <span style=\"color: #000000;\">&amp;<\/span> <strong>Best of The Month<\/strong><\/span> est sorti sous le label <a href=\"https:\/\/www.actmusic.com\/en\/\"><strong>Act Music<\/strong><\/a>, le 24 avril 2026.<\/span><\/p>\n<p style=\"font-weight: 400;\"><span style=\"font-size: 14pt;\"><strong>\u00a9Photo Header Karl-Gabor<\/strong><\/span><\/p>\n","protected":false},"excerpt":{"rendered":"<p>C\u2019est une musique profond\u00e9ment atmosph\u00e9rique que celle que propose ici le pianiste su\u00e9dois Joel Lyssarides. Une atmosph\u00e8re recueillie, m\u00e9ditative et \u00e0 la fois solaire, mais un soleil scandinave qui ne&#8230;<\/p>\n","protected":false},"author":178,"featured_media":45906,"comment_status":"open","ping_status":"open","sticky":false,"template":"","format":"standard","meta":{"_acf_changed":false,"footnotes":""},"categories":[70,13,202,969],"tags":[10500,10501,10502],"class_list":{"0":"post-45910","1":"post","2":"type-post","3":"status-publish","4":"format-standard","5":"has-post-thumbnail","7":"category-a-la-une","8":"category-actualite","9":"category-dans-les-bacs","10":"category-hits-couleurs-jazz","11":"tag-joel-lyssarides","12":"tag-niklas-fernqvist","13":"tag-rasmus-blixt"},"acf":[],"_links":{"self":[{"href":"https:\/\/couleursjazz.fr\/fr\/wp-json\/wp\/v2\/posts\/45910","targetHints":{"allow":["GET"]}}],"collection":[{"href":"https:\/\/couleursjazz.fr\/fr\/wp-json\/wp\/v2\/posts"}],"about":[{"href":"https:\/\/couleursjazz.fr\/fr\/wp-json\/wp\/v2\/types\/post"}],"author":[{"embeddable":true,"href":"https:\/\/couleursjazz.fr\/fr\/wp-json\/wp\/v2\/users\/178"}],"replies":[{"embeddable":true,"href":"https:\/\/couleursjazz.fr\/fr\/wp-json\/wp\/v2\/comments?post=45910"}],"version-history":[{"count":1,"href":"https:\/\/couleursjazz.fr\/fr\/wp-json\/wp\/v2\/posts\/45910\/revisions"}],"predecessor-version":[{"id":45911,"href":"https:\/\/couleursjazz.fr\/fr\/wp-json\/wp\/v2\/posts\/45910\/revisions\/45911"}],"wp:featuredmedia":[{"embeddable":true,"href":"https:\/\/couleursjazz.fr\/fr\/wp-json\/wp\/v2\/media\/45906"}],"wp:attachment":[{"href":"https:\/\/couleursjazz.fr\/fr\/wp-json\/wp\/v2\/media?parent=45910"}],"wp:term":[{"taxonomy":"category","embeddable":true,"href":"https:\/\/couleursjazz.fr\/fr\/wp-json\/wp\/v2\/categories?post=45910"},{"taxonomy":"post_tag","embeddable":true,"href":"https:\/\/couleursjazz.fr\/fr\/wp-json\/wp\/v2\/tags?post=45910"}],"curies":[{"name":"wp","href":"https:\/\/api.w.org\/{rel}","templated":true}]}}