{"id":45846,"date":"2026-04-25T13:34:54","date_gmt":"2026-04-25T12:34:54","guid":{"rendered":"https:\/\/couleursjazz.fr\/?p=45846"},"modified":"2026-04-25T13:34:54","modified_gmt":"2026-04-25T12:34:54","slug":"jean-loup-longnon-trompettiste-le-questionnaire-de-proust","status":"publish","type":"post","link":"https:\/\/couleursjazz.fr\/fr\/jean-loup-longnon-trompettiste-le-questionnaire-de-proust\/","title":{"rendered":"Jean-Loup Longnon, Trompettiste \u2013 LE QUESTIONNAIRE DE PROUST"},"content":{"rendered":"<h3><span style=\"font-size: 14pt;\">Jean-Loup Longnon a bien voulu poursuivre cette s\u00e9rie des fameux portraits-questionnaires de Proust, l\u00e9g\u00e8rement revisit\u00e9s Couleurs Jazz\u2026<\/span><\/h3>\n<h3><span style=\"font-size: 14pt;\">Une mani\u00e8re originale de monter les premi\u00e8res marches de l\u2019univers de ces formidables musiciens de Jazz, artistes de notre si\u00e8cle.<\/span><\/h3>\n<p style=\"text-align: center;\"><span style=\"font-size: 14pt;\">\u2014\u2013=====\u2014\u2013<\/span><\/p>\n<p><span style=\"font-size: 14pt;\">\u2013<strong>Quel est pour vous le comble de la mis\u00e8re musicale ?\u00a0<\/strong><\/span><\/p>\n<p style=\"font-weight: 400;\"><span style=\"font-size: 14pt;\">Le rap, la techno et le Free-Jazz. Mais je dois dire que certaines chansons bas de gamme de la vari\u00e9t\u00e9 fran\u00e7aise des ann\u00e9es 60 n\u2019\u00e9taient pas mal non plus !<\/span><\/p>\n<p><span style=\"font-size: 14pt;\"><strong>-O\u00f9 aimeriez-vous vivre ?\u00a0<\/strong><\/span><\/p>\n<p><span style=\"font-size: 14pt;\">En Thailande, bien qu\u2019il y fasse un peu trop chaud !<\/span><\/p>\n<p><span style=\"font-size: 14pt;\"><strong>-Votre id\u00e9al de bonheur terrestre ?\u00a0<\/strong><\/span><\/p>\n<p><span style=\"font-size: 14pt;\">Un zeste de Thailande m\u00e9lang\u00e9 \u00e0 Istanbul.<\/span><\/p>\n<p><span style=\"font-size: 14pt;\"><strong>-Pour quelles fausses notes avez-vous le plus d\u2019indulgence ?\u00a0<\/strong><\/span><\/p>\n<p><span style=\"font-size: 14pt;\">Pour celles dont le talent fait oublier la fausset\u00e9.<\/span><\/p>\n<p><span style=\"font-size: 14pt;\">\u2013<strong>Quels sont les h\u00e9ros de roman que vous pr\u00e9f\u00e9rez ?\u00a0<\/strong><\/span><\/p>\n<p><span style=\"font-size: 14pt;\">Sylvain Tesson, en m\u00eame-temps \u00e9crivain sublime !<\/span><\/p>\n<p><span style=\"font-size: 14pt;\">\u2013<strong>Quel est votre musicien classique favori ?<\/strong><\/span><\/p>\n<p><span style=\"font-size: 14pt;\">Maurice Ravel, mais il y a aussi Dutilleux, Debussy, Durufl\u00e9, Poulenc, Karol Shimanowsky et tant d\u2019autres&#8230;<\/span><\/p>\n<p><span style=\"font-size: 14pt;\">\u2013<strong>Vos h\u00e9ro\u00efnes ou divas favorites dans la vie r\u00e9elle ?\u00a0<\/strong><\/span><\/p>\n<p><span style=\"font-size: 14pt;\">B\u00e9r\u00e9nice B\u00e9jo, Yuja Wang.<\/span><\/p>\n<p><span style=\"font-size: 14pt;\">\u2013<strong>Vos h\u00e9ro\u00efnes dans la fiction ?<\/strong><\/span><\/p>\n<p><span style=\"font-size: 14pt;\">Peppy Miller (dans \u201cThe Artist\u201d) Tokiko (La maison au toit rouge).<\/span><\/p>\n<p><span style=\"font-size: 14pt;\"><strong>-Votre peintre favori ?\u00a0<\/strong><\/span><\/p>\n<p style=\"font-weight: 400;\"><span style=\"font-size: 14pt;\">Gustav Klimt, Jean-L\u00e9on J\u00e9r\u00f4me, Claude Monet, William Turner, Alfred Sisley.<\/span><\/p>\n<p><span style=\"font-size: 14pt;\"><strong>-Votre musicien de jazz favori ?\u00a0<\/strong><\/span><\/p>\n<p><span style=\"font-size: 14pt;\">Thad Jones, Dizzy Gillespie, Clark Terry, Art Tatum<\/span><\/p>\n<p><span style=\"font-size: 14pt;\"><strong>-Votre qualit\u00e9 pr\u00e9f\u00e9r\u00e9e chez l\u2019homme ?\u00a0<\/strong><\/span><\/p>\n<p><span style=\"font-size: 14pt;\">La bienveillance calme.<\/span><\/p>\n<p><span style=\"font-size: 14pt;\"><strong>-Votre qualit\u00e9 pr\u00e9f\u00e9r\u00e9e chez la femme ?\u00a0<\/strong><\/span><\/p>\n<p style=\"font-weight: 400;\"><span style=\"font-size: 14pt;\">L\u2019honn\u00eatet\u00e9.<\/span><\/p>\n<p><span style=\"font-size: 14pt;\"><strong>-Votre vertu pr\u00e9f\u00e9r\u00e9e ?\u00a0<\/strong><\/span><\/p>\n<p><span style=\"font-size: 14pt;\">La franchise.<\/span><\/p>\n<p><span style=\"font-size: 14pt;\">\u2013<strong>Votre occupation pr\u00e9f\u00e9r\u00e9e ?<\/strong><\/span><\/p>\n<p><span style=\"font-size: 14pt;\">Fl\u00e2ner en scooter dans des \u00eeles lointaines.<\/span><\/p>\n<p><span style=\"font-size: 14pt;\">\u2013<strong>Qui auriez-vous aim\u00e9 \u00eatre ?\u00a0<\/strong><\/span><\/p>\n<p><span style=\"font-size: 14pt;\">Stravinsky<\/span><\/p>\n<p><span style=\"font-size: 14pt;\"><strong>-Le principal trait de mon caract\u00e8re ?\u00a0<\/strong><\/span><\/p>\n<p><span style=\"font-size: 14pt;\">La franchise<\/span><\/p>\n<p><span style=\"font-size: 14pt;\">\u2013<strong>Ce que j\u2019appr\u00e9cie le plus chez mes amis ?\u00a0<\/strong><\/span><\/p>\n<p><span style=\"font-size: 14pt;\">La fiabilit\u00e9.<\/span><\/p>\n<p><span style=\"font-size: 14pt;\"><strong><img loading=\"lazy\" decoding=\"async\" class=\"alignnone size-full wp-image-45851\" src=\"https:\/\/couleursjazz.fr\/wp-content\/uploads\/2026\/04\/JLL_M0D_2077.jpg\" alt=\"\" width=\"850\" height=\"927\" srcset=\"https:\/\/couleursjazz.fr\/wp-content\/uploads\/2026\/04\/JLL_M0D_2077.jpg 850w, https:\/\/couleursjazz.fr\/wp-content\/uploads\/2026\/04\/JLL_M0D_2077-275x300.jpg 275w, https:\/\/couleursjazz.fr\/wp-content\/uploads\/2026\/04\/JLL_M0D_2077-768x838.jpg 768w\" sizes=\"auto, (max-width: 850px) 100vw, 850px\" \/>-Mon principal d\u00e9faut ?\u00a0<\/strong><\/span><\/p>\n<p><span style=\"font-size: 14pt;\">L\u2019exc\u00e8s de franchise assorti d\u2019une certaine na\u00efvet\u00e9.<\/span><\/p>\n<p><span style=\"font-size: 14pt;\"><strong>-Mon r\u00eave de bonheur ?\u00a0<\/strong><\/span><\/p>\n<p><span style=\"font-size: 14pt;\">Diriger un jour <em>La Valse<\/em> de Ravel.<\/span><\/p>\n<p><span style=\"font-size: 14pt;\"><strong>-Mon plus grand malheur ?\u00a0<\/strong><\/span><\/p>\n<p><span style=\"font-size: 14pt;\">Une trahison survenue lorsque j\u2019avais vingt ans.<\/span><\/p>\n<p><span style=\"font-size: 14pt;\"><strong>-Ce que je voudrais \u00eatre ?\u00a0<\/strong><\/span><\/p>\n<p><span style=\"font-size: 14pt;\">Un peu plus riche afin d&rsquo;\u00eatre libre.<\/span><\/p>\n<p><span style=\"font-size: 14pt;\"><strong>-La couleur que je pr\u00e9f\u00e8re ?\u00a0<\/strong><\/span><\/p>\n<p style=\"font-weight: 400;\"><span style=\"font-size: 14pt;\">Turquoise.<\/span><\/p>\n<p><span style=\"font-size: 14pt;\"><strong>-La fleur que j\u2019aime ?\u00a0<\/strong><\/span><\/p>\n<p><span style=\"font-size: 14pt;\">La rose blanche.<\/span><\/p>\n<p><span style=\"font-size: 14pt;\">\u2013<strong>L\u2019oiseau que je pr\u00e9f\u00e8re ?\u00a0<\/strong><\/span><\/p>\n<p><span style=\"font-size: 14pt;\">Le cygne.<\/span><\/p>\n<p><span style=\"font-size: 14pt;\">\u2013<strong>Mes auteurs favoris en prose ?\u00a0<\/strong><\/span><\/p>\n<p style=\"font-weight: 400;\"><span style=\"font-size: 14pt;\">Sylvain Tesson, Michel Houellebecq, Frederik Forthyt, Ferdinand C\u00e9line, Victor Hugo.<\/span><\/p>\n<p><span style=\"font-size: 14pt;\"><strong>-Mes po\u00e8tes pr\u00e9f\u00e9r\u00e9s ?\u00a0<\/strong><\/span><\/p>\n<p><span style=\"font-size: 14pt;\">Victor Hugo, Charles Baudelaire, Alexander Pushkin, Verlaine.<\/span><\/p>\n<p><span style=\"font-size: 14pt;\"><strong>-Mes h\u00e9ros dans la vie r\u00e9elle ?\u00a0<\/strong><\/span><\/p>\n<p><span style=\"font-size: 14pt;\">Denzel Washington, Yaron Gottfried.<\/span><\/p>\n<p><span style=\"font-size: 14pt;\">\u2013<strong>Mes h\u00e9ros dans l\u2019histoire ?\u00a0<\/strong><\/span><\/p>\n<p><span style=\"font-size: 14pt;\">Charles De Gaulle, Kemal\u00a0Atat\u00fcrk.<\/span><\/p>\n<p><span style=\"font-size: 14pt;\">\u2013<strong>Mes noms favoris ?\u00a0<\/strong><\/span><\/p>\n<p style=\"font-weight: 400;\"><span style=\"font-size: 14pt;\">Sh\u00e9h\u00e9razade, Natacha, Cl\u00e9ment, Ariel, Mew, Tatiana, Eleonora&#8230;<\/span><\/p>\n<p><span style=\"font-size: 14pt;\"><strong>-Ce que je d\u00e9teste par-dessus tout ?\u00a0<\/strong><\/span><\/p>\n<p style=\"font-weight: 400;\"><span style=\"font-size: 14pt;\">Les interf\u00e9rences telles qu\u2019une interruption de discours ainsi que l\u2019inefficacit\u00e9 organisationnelle.<\/span><\/p>\n<p><span style=\"font-size: 14pt;\"><strong>-La r\u00e9forme que j\u2019admire le plus ?\u00a0<\/strong><\/span><\/p>\n<p style=\"font-weight: 400;\"><span style=\"font-size: 14pt;\">L\u2019abolition en 1970 des lois restrictives relatives au mariage.<\/span><\/p>\n<p><span style=\"font-size: 14pt;\">\u2013<strong>Le don de la nature que je voudrais avoir ?<\/strong><\/span><\/p>\n<p style=\"font-weight: 400;\"><span style=\"font-size: 14pt;\">Etre bon en solf\u00e8ge ainsi qu&rsquo;en sport, moins paresseux en somme !<\/span><\/p>\n<p><span style=\"font-size: 14pt;\"><strong>-Comment j\u2019aimerais mourir ?\u00a0<\/strong><\/span><\/p>\n<p><span style=\"font-size: 14pt;\">Serein, en paix avec moi-m\u00eame, si possible durant mon sommeil.<\/span><\/p>\n<p><span style=\"font-size: 14pt;\"><strong>-Ma d\u00e9finition du jazz ?<\/strong><\/span><\/p>\n<p><span style=\"font-size: 14pt;\">Swing, perfectionnisme et inventivit\u00e9.<\/span><\/p>\n<p><span style=\"font-size: 14pt;\"><strong>-\u00c9tat pr\u00e9sent de mon esprit ?\u00a0<\/strong><\/span><\/p>\n<p><span style=\"font-size: 14pt;\">Plus sage et lucide qu\u2019autrefois mais encore un peu tourment\u00e9.<\/span><\/p>\n<p><span style=\"font-size: 14pt;\"><strong>-Et enfin, ma devise ?\u00a0<\/strong><\/span><\/p>\n<p style=\"font-weight: 400;\"><span style=\"font-size: 14pt;\">Keep swinging !<\/span><\/p>\n<p style=\"text-align: center;\"><span style=\"font-size: 14pt;\">\u2014\u2013=====\u2014\u2013<\/span><\/p>\n<p><span style=\"font-size: 14pt;\">&#8211;<strong>Mon Titre Signature ?<\/strong><\/span><\/p>\n<p><span style=\"font-size: 14pt;\">Istambounce (Part1, 2, 3)<\/span><\/p>\n<p><iframe loading=\"lazy\" style=\"border-radius: 12px;\" src=\"https:\/\/open.spotify.com\/embed\/track\/32KINU0ToxmGOybPsnXYbq?utm_source=generator\" width=\"100%\" height=\"352\" frameborder=\"0\" allowfullscreen=\"allowfullscreen\" data-testid=\"embed-iframe\"><\/iframe><span style=\"font-size: 14pt;\">\u00a0<\/span><\/p>\n<p>\u00a9Photo cover Jean-Baptiste Millot. Tous droits r\u00e9serv\u00e9s pour toutes les photos.<\/p>\n","protected":false},"excerpt":{"rendered":"<p>Jean-Loup Longnon a bien voulu poursuivre cette s\u00e9rie des fameux portraits-questionnaires de Proust, l\u00e9g\u00e8rement revisit\u00e9s Couleurs Jazz\u2026 Une mani\u00e8re originale de monter les premi\u00e8res marches de l\u2019univers de ces formidables&#8230;<\/p>\n","protected":false},"author":66,"featured_media":45853,"comment_status":"open","ping_status":"open","sticky":false,"template":"","format":"standard","meta":{"_acf_changed":false,"footnotes":""},"categories":[70,13],"tags":[9577],"class_list":{"0":"post-45846","1":"post","2":"type-post","3":"status-publish","4":"format-standard","5":"has-post-thumbnail","7":"category-a-la-une","8":"category-actualite","9":"tag-jean-loup-longnon-fr"},"acf":[],"_links":{"self":[{"href":"https:\/\/couleursjazz.fr\/fr\/wp-json\/wp\/v2\/posts\/45846","targetHints":{"allow":["GET"]}}],"collection":[{"href":"https:\/\/couleursjazz.fr\/fr\/wp-json\/wp\/v2\/posts"}],"about":[{"href":"https:\/\/couleursjazz.fr\/fr\/wp-json\/wp\/v2\/types\/post"}],"author":[{"embeddable":true,"href":"https:\/\/couleursjazz.fr\/fr\/wp-json\/wp\/v2\/users\/66"}],"replies":[{"embeddable":true,"href":"https:\/\/couleursjazz.fr\/fr\/wp-json\/wp\/v2\/comments?post=45846"}],"version-history":[{"count":3,"href":"https:\/\/couleursjazz.fr\/fr\/wp-json\/wp\/v2\/posts\/45846\/revisions"}],"predecessor-version":[{"id":45855,"href":"https:\/\/couleursjazz.fr\/fr\/wp-json\/wp\/v2\/posts\/45846\/revisions\/45855"}],"wp:featuredmedia":[{"embeddable":true,"href":"https:\/\/couleursjazz.fr\/fr\/wp-json\/wp\/v2\/media\/45853"}],"wp:attachment":[{"href":"https:\/\/couleursjazz.fr\/fr\/wp-json\/wp\/v2\/media?parent=45846"}],"wp:term":[{"taxonomy":"category","embeddable":true,"href":"https:\/\/couleursjazz.fr\/fr\/wp-json\/wp\/v2\/categories?post=45846"},{"taxonomy":"post_tag","embeddable":true,"href":"https:\/\/couleursjazz.fr\/fr\/wp-json\/wp\/v2\/tags?post=45846"}],"curies":[{"name":"wp","href":"https:\/\/api.w.org\/{rel}","templated":true}]}}