{"id":45310,"date":"2026-03-12T23:04:35","date_gmt":"2026-03-12T22:04:35","guid":{"rendered":"https:\/\/couleursjazz.fr\/?p=45310"},"modified":"2026-03-12T23:03:36","modified_gmt":"2026-03-12T22:03:36","slug":"louis-billette-lux-ii","status":"publish","type":"post","link":"https:\/\/couleursjazz.fr\/fr\/louis-billette-lux-ii\/","title":{"rendered":"Louis Billette &#8211; LUX II"},"content":{"rendered":"<p style=\"font-weight: 400;\"><span style=\"font-size: 14pt;\"><strong>C\u2019est un jazz enjou\u00e9 et savoureux que nous propose ici le saxophoniste Louis Billette. <\/strong><\/span><\/p>\n<p style=\"font-weight: 400;\"><span style=\"font-size: 14pt;\">Un souci constant du groove caract\u00e9rise ses huit compositions servies par un sextet enti\u00e8rement d\u00e9vou\u00e9 \u00e0 sa cause. Le son de groupe est charnu et dense et les sonorit\u00e9s des trois souffleurs s\u2019y m\u00ealent de fort belle fa\u00e7on en des arrangements pleins de verve, tant\u00f4t pugnaces tant\u00f4t plus r\u00eaveurs soutenus par une rythmique tonique.<\/span><\/p>\n<p style=\"font-weight: 400;\"><span style=\"font-size: 14pt;\">Les solos ne sont pas en reste et ils racontent tous une histoire. Il n\u2019y a ici aucune recherche d\u2019originalit\u00e9 mais au contraire une volont\u00e9 de s\u2019inscrire dans une tradition remontant au hardbop des ann\u00e9es cinquante.<\/span><\/p>\n<p style=\"font-weight: 400;\"><span style=\"font-size: 14pt;\">Quand il est jou\u00e9 avec autant de ferveur, ce style est intemporel et ne peut que ravir les amateurs de belles m\u00e9lodies et de rythmes chaloup\u00e9s.<\/span><\/p>\n<p style=\"font-weight: 400;\"><iframe loading=\"lazy\" style=\"border-radius: 12px;\" src=\"https:\/\/open.spotify.com\/embed\/album\/2tK7mTzirZjBC9J8seSFww?utm_source=generator\" width=\"100%\" height=\"352\" frameborder=\"0\" allowfullscreen=\"allowfullscreen\" data-testid=\"embed-iframe\" data-mce-fragment=\"1\"><\/iframe><\/p>\n<p style=\"font-weight: 400;\"><span style=\"font-size: 14pt;\">Musiciens\u00a0:<\/span><\/p>\n<p style=\"font-weight: 400;\"><span style=\"font-size: 14pt;\"><strong>Louis Billette<\/strong>\u00a0: saxophones<\/span><\/p>\n<p style=\"font-weight: 400;\"><span style=\"font-size: 14pt;\"><strong>Shems Bendali<\/strong>\u00a0: trompette<\/span><\/p>\n<p style=\"font-weight: 400;\"><span style=\"font-size: 14pt;\"><strong>Jules Boittin<\/strong>\u00a0: trombone<\/span><\/p>\n<p style=\"font-weight: 400;\"><span style=\"font-size: 14pt;\"><strong>Matthieu Llodra<\/strong>\u00a0: piano<\/span><\/p>\n<p style=\"font-weight: 400;\"><span style=\"font-size: 14pt;\"><strong>Yves Marcotte<\/strong>\u00a0: contrebasee<\/span><\/p>\n<p style=\"font-weight: 400;\"><span style=\"font-size: 14pt;\"><strong>Marton Kiss<\/strong>\u00a0: batterie<\/span><\/p>\n<p style=\"font-weight: 400;\"><span style=\"font-size: 14pt;\"><strong><em>LUX II<\/em><\/strong> est un <span style=\"color: #ff0000;\"><strong>Hit Couleurs Jazz<\/strong> <span style=\"color: #000000;\">et<\/span> <strong>Best of the Month<\/strong><\/span>, \u00a0pour Couleurs Jazz Radio. Il est sorti sous le Label <a href=\"https:\/\/maisoncdz.com\/jazz-family\/\"><strong>Jazz Family<\/strong><\/a>, le 27 f\u00e9vrier 2026.<\/span><\/p>\n<p><span style=\"font-size: 14pt;\"><strong>\u00a9Photo Header Jessica Chevillat<\/strong><\/span><\/p>\n","protected":false},"excerpt":{"rendered":"<p>C\u2019est un jazz enjou\u00e9 et savoureux que nous propose ici le saxophoniste Louis Billette. Un souci constant du groove caract\u00e9rise ses huit compositions servies par un sextet enti\u00e8rement d\u00e9vou\u00e9 \u00e0&#8230;<\/p>\n","protected":false},"author":178,"featured_media":45312,"comment_status":"open","ping_status":"open","sticky":false,"template":"","format":"standard","meta":{"_acf_changed":false,"footnotes":""},"categories":[13,97,202,969],"tags":[10316,10314,10319,10317,10315,10318],"class_list":{"0":"post-45310","1":"post","2":"type-post","3":"status-publish","4":"format-standard","5":"has-post-thumbnail","7":"category-actualite","8":"category-agenda","9":"category-dans-les-bacs","10":"category-hits-couleurs-jazz","11":"tag-jules-boittin","12":"tag-louis-billette","13":"tag-marton-kiss","14":"tag-matthieu-llodra","15":"tag-shems-bendali","16":"tag-yves-marcotte"},"acf":[],"_links":{"self":[{"href":"https:\/\/couleursjazz.fr\/fr\/wp-json\/wp\/v2\/posts\/45310","targetHints":{"allow":["GET"]}}],"collection":[{"href":"https:\/\/couleursjazz.fr\/fr\/wp-json\/wp\/v2\/posts"}],"about":[{"href":"https:\/\/couleursjazz.fr\/fr\/wp-json\/wp\/v2\/types\/post"}],"author":[{"embeddable":true,"href":"https:\/\/couleursjazz.fr\/fr\/wp-json\/wp\/v2\/users\/178"}],"replies":[{"embeddable":true,"href":"https:\/\/couleursjazz.fr\/fr\/wp-json\/wp\/v2\/comments?post=45310"}],"version-history":[{"count":2,"href":"https:\/\/couleursjazz.fr\/fr\/wp-json\/wp\/v2\/posts\/45310\/revisions"}],"predecessor-version":[{"id":45316,"href":"https:\/\/couleursjazz.fr\/fr\/wp-json\/wp\/v2\/posts\/45310\/revisions\/45316"}],"wp:featuredmedia":[{"embeddable":true,"href":"https:\/\/couleursjazz.fr\/fr\/wp-json\/wp\/v2\/media\/45312"}],"wp:attachment":[{"href":"https:\/\/couleursjazz.fr\/fr\/wp-json\/wp\/v2\/media?parent=45310"}],"wp:term":[{"taxonomy":"category","embeddable":true,"href":"https:\/\/couleursjazz.fr\/fr\/wp-json\/wp\/v2\/categories?post=45310"},{"taxonomy":"post_tag","embeddable":true,"href":"https:\/\/couleursjazz.fr\/fr\/wp-json\/wp\/v2\/tags?post=45310"}],"curies":[{"name":"wp","href":"https:\/\/api.w.org\/{rel}","templated":true}]}}