{"id":45284,"date":"2026-01-26T10:58:39","date_gmt":"2026-01-26T09:58:39","guid":{"rendered":"https:\/\/couleursjazz.fr\/?p=45284"},"modified":"2026-03-08T11:12:01","modified_gmt":"2026-03-08T10:12:01","slug":"julia-hulsmann-while-i-was-away","status":"publish","type":"post","link":"https:\/\/couleursjazz.fr\/fr\/julia-hulsmann-while-i-was-away\/","title":{"rendered":"Julia H\u00fclsmann &#8211; While I was Away"},"content":{"rendered":"<p style=\"font-weight: 400;\"><span style=\"font-size: 14pt;\"><strong>L\u2019int\u00e9r\u00eat de la pianiste allemande Julia H\u00fclsmann pour la voix, remonte aux d\u00e9buts des ann\u00e9es 2000 o\u00f9 elle enregistra avec les chanteuses Rebecca Bakken et Anna Lauvergnac puis les chanteurs Theo Bleckmann et Roger Cicero. <\/strong><\/span><\/p>\n<p style=\"font-weight: 400;\"><span style=\"font-size: 14pt;\">Pour ce nouvel enregistrement c\u2019est \u00e0 pas moins de trois vocalistes qu\u2019elle a fait appel, s\u2019exprimant en portugais ou en anglais. Deux voix f\u00e9minines (<strong>Aline <\/strong><strong>Fraza\u0303o<\/strong> et <strong>Live Maria Roggen<\/strong>) et une voix masculine (<strong>Michael Schiefel<\/strong>) compl\u00e8tent une formation majoritairement f\u00e9minine o\u00f9 le violoncelle de <strong>Susanne Paul<\/strong> et le violon d\u2019<strong>H\u00e9lo\u00efse Lefebvre <\/strong>fonctionnent par endroits comme deux voix suppl\u00e9mentaires.<\/span><\/p>\n<p style=\"font-weight: 400;\"><span style=\"font-size: 14pt;\">C\u2019est donc un octet atypique que dirige la pianiste quinquag\u00e9naire. Son piano \u2014 qui ne s\u2019octroie que de rares solos \u2014 affiche une sonorit\u00e9 \u00e9minemment vocale dans sa fa\u00e7on d\u2019accompagner les trois voix et son toucher perl\u00e9 est un r\u00e9gal.<\/span><\/p>\n<p style=\"font-weight: 400;\"><span style=\"font-size: 14pt;\">Les deux chanteuses s\u2019expriment essentiellement sur des ballades alors que <strong>Schiefel<\/strong> se charge des morceaux plus enlev\u00e9s.<\/span><\/p>\n<p style=\"font-weight: 400;\"><span style=\"font-size: 14pt;\">Les arrangements de <strong>Julia H\u00fclsmann<\/strong> \u2014 sur des compositions majoritairement de sa plume \u2014 sont \u00e0 la fois sophistiqu\u00e9s et d\u2019une grande limpidit\u00e9, un raffinement qui convient magnifiquement \u00e0 l\u2019atmosph\u00e8re du projet o\u00f9 l\u2019utilisation des cordes du violon et du violoncelle donne \u00e0 l\u2019ensemble une couleur particuli\u00e8rement lyrique \u00e0 laquelle la contrebasse et de la batterie apportent un soutien discret et savoureux. Les morceaux g\u00e9n\u00e9ralement assez brefs sonnent donc comme autant de chansons auxquelles une musique aux accents chambristes fournissent un \u00e9crin somptueux.<\/span><\/p>\n<p style=\"font-weight: 400;\"><span style=\"font-size: 14pt;\">Il est difficile de r\u00e9sister au charme de cet opus qui, tout en affichant un souci permanent de l\u2019\u00e9criture, r\u00e9ussit \u00e0 conserver une fra\u00eecheur et une spontan\u00e9it\u00e9 remarquables.<\/span><\/p>\n<p><iframe loading=\"lazy\" style=\"border-radius: 12px;\" src=\"https:\/\/open.spotify.com\/embed\/album\/2SYrKSbV3k1hZ0RdDAyKmO?utm_source=generator\" width=\"100%\" height=\"352\" frameborder=\"0\" allowfullscreen=\"allowfullscreen\" data-testid=\"embed-iframe\" data-mce-fragment=\"1\"><\/iframe><\/p>\n<p style=\"font-weight: 400;\"><span style=\"font-size: 14pt;\">Musiciens\u00a0:<\/span><\/p>\n<p style=\"font-weight: 400;\"><span style=\"font-size: 14pt;\"><strong>Julia H\u00fclsmann<\/strong>\u00a0: piano<\/span><\/p>\n<p style=\"font-weight: 400;\"><span style=\"font-size: 14pt;\"><strong>Aline <\/strong><strong>Fraza\u0303o, Live Maria Roggen &amp; MIchael Schiefel<\/strong>\u00a0: voix<\/span><\/p>\n<p style=\"font-weight: 400;\"><span style=\"font-size: 14pt;\"><strong>H\u00e9lo\u00efse Lefebvre<\/strong>\u00a0: violon<\/span><\/p>\n<p style=\"font-weight: 400;\"><span style=\"font-size: 14pt;\"><strong>Susanne Paul<\/strong>\u00a0: violoncelle<\/span><\/p>\n<p style=\"font-weight: 400;\"><span style=\"font-size: 14pt;\"><strong>Eva Kruse<\/strong>\u00a0: contrebasse<\/span><\/p>\n<p style=\"font-weight: 400;\"><span style=\"font-size: 14pt;\"><strong>Eva Klesse<\/strong>\u00a0: batterie<\/span><\/p>\n<p style=\"font-weight: 400;\"><span style=\"font-size: 14pt;\"><strong><em>While I Was Away<\/em><\/strong> est sorti sous le label <a href=\"https:\/\/ecmrecords.com\"><strong>ECM Records<\/strong><\/a>, le 30 janvier 2026<\/span><\/p>\n<p style=\"font-weight: 400;\"><span style=\"font-size: 14pt;\">\u00a9Photos Sally Lazic<\/span><\/p>\n","protected":false},"excerpt":{"rendered":"<p>L\u2019int\u00e9r\u00eat de la pianiste allemande Julia H\u00fclsmann pour la voix, remonte aux d\u00e9buts des ann\u00e9es 2000 o\u00f9 elle enregistra avec les chanteuses Rebecca Bakken et Anna Lauvergnac puis les chanteurs&#8230;<\/p>\n","protected":false},"author":178,"featured_media":45279,"comment_status":"open","ping_status":"open","sticky":false,"template":"","format":"standard","meta":{"_acf_changed":false,"footnotes":""},"categories":[13,202],"tags":[10285,10290,10289,10287,6769,10286,7314,10288],"class_list":{"0":"post-45284","1":"post","2":"type-post","3":"status-publish","4":"format-standard","5":"has-post-thumbnail","7":"category-actualite","8":"category-dans-les-bacs","9":"tag-aline-frazao","10":"tag-eva-klesse","11":"tag-eva-kruse","12":"tag-heloise-lefebvre","13":"tag-julia-hulsmann","14":"tag-live-maria-roggen","15":"tag-michael-schiefel-fr","16":"tag-susanne-paul"},"acf":[],"_links":{"self":[{"href":"https:\/\/couleursjazz.fr\/fr\/wp-json\/wp\/v2\/posts\/45284","targetHints":{"allow":["GET"]}}],"collection":[{"href":"https:\/\/couleursjazz.fr\/fr\/wp-json\/wp\/v2\/posts"}],"about":[{"href":"https:\/\/couleursjazz.fr\/fr\/wp-json\/wp\/v2\/types\/post"}],"author":[{"embeddable":true,"href":"https:\/\/couleursjazz.fr\/fr\/wp-json\/wp\/v2\/users\/178"}],"replies":[{"embeddable":true,"href":"https:\/\/couleursjazz.fr\/fr\/wp-json\/wp\/v2\/comments?post=45284"}],"version-history":[{"count":1,"href":"https:\/\/couleursjazz.fr\/fr\/wp-json\/wp\/v2\/posts\/45284\/revisions"}],"predecessor-version":[{"id":45285,"href":"https:\/\/couleursjazz.fr\/fr\/wp-json\/wp\/v2\/posts\/45284\/revisions\/45285"}],"wp:featuredmedia":[{"embeddable":true,"href":"https:\/\/couleursjazz.fr\/fr\/wp-json\/wp\/v2\/media\/45279"}],"wp:attachment":[{"href":"https:\/\/couleursjazz.fr\/fr\/wp-json\/wp\/v2\/media?parent=45284"}],"wp:term":[{"taxonomy":"category","embeddable":true,"href":"https:\/\/couleursjazz.fr\/fr\/wp-json\/wp\/v2\/categories?post=45284"},{"taxonomy":"post_tag","embeddable":true,"href":"https:\/\/couleursjazz.fr\/fr\/wp-json\/wp\/v2\/tags?post=45284"}],"curies":[{"name":"wp","href":"https:\/\/api.w.org\/{rel}","templated":true}]}}