{"id":44979,"date":"2026-01-26T00:55:37","date_gmt":"2026-01-25T23:55:37","guid":{"rendered":"https:\/\/couleursjazz.fr\/?p=44979"},"modified":"2026-01-26T01:00:03","modified_gmt":"2026-01-26T00:00:03","slug":"pierre-de-bethmann-trio-essais-volume-6","status":"publish","type":"post","link":"https:\/\/couleursjazz.fr\/fr\/pierre-de-bethmann-trio-essais-volume-6\/","title":{"rendered":"Pierre de Bethmann Trio &#8211; Essais\/Volume 6"},"content":{"rendered":"<p><span style=\"font-size: 14pt;\"><strong>Les huit th\u00e8mes de ce nouvel opus du trio de Pierre de Bethmann proviennent de la m\u00eame s\u00e9ance d\u2019enregistrement que celle qui a donn\u00e9 naissance au Volume 5 de ses essais <\/strong><\/span><\/p>\n<p><span style=\"font-size: 14pt;\">(chroniqu\u00e9 sur Couleurs Jazz Media voici quelque temps).<\/span><\/p>\n<p><span style=\"font-size: 14pt;\">On y retrouve donc la m\u00eame atmosph\u00e8re intimiste et le m\u00eame go\u00fbt de la m\u00e9lodie. De nouveau le trio propose des interpr\u00e9tations de th\u00e8mes qui sont soit des standards soit des compositions de musiciens aussi divers qu\u2019Andrew Hill, Keith Jarrett, Alain Jean-Marie ou Joni Mitchell.<\/span><\/p>\n<p><span style=\"font-size: 14pt;\">Soit un panorama assez vaste auquel les arrangements du trio donnent une nouvelle vie en insufflant \u00e0 ces airs un parfum particulier li\u00e9 \u00e0 l\u2019entrelacs de trois sonorit\u00e9s d\u00e9lectables.<\/span><\/p>\n<p><span style=\"font-size: 14pt;\">Le piano du leader poss\u00e8de toujours cette d\u00e9licatesse de timbre et cette fluidit\u00e9 de phras\u00e9 qu\u2019on lui conna\u00eet et ses improvisations coulent de source avec une limpidit\u00e9 remarquable. La guitare de <strong>Nelson Veras<\/strong> distille des accords et des arp\u00e8ges raffin\u00e9s avec sa sonorit\u00e9 d\u2019une grande puret\u00e9. Son entente avec le piano est id\u00e9ale et ses solos inspir\u00e9s sont un constant r\u00e9gal.<\/span><\/p>\n<p><span style=\"font-size: 14pt;\">Quant \u00e0 la contrebasse de <strong>Sylvain Romano<\/strong>, elle est \u00e0 la fois discr\u00e8te et constamment pr\u00e9sente, faisant dans le registre grave le lien entre les lignes m\u00e9lodiques de ses partenaires avec un souci constant de la note juste et un placement rythmique et harmonique remarquable.<\/span><\/p>\n<p><span style=\"font-size: 14pt;\">Ce jazz de chambre intemporel est donc d\u00e9lectable de bout en bout.<\/span><\/p>\n<p><iframe loading=\"lazy\" style=\"border-radius: 12px;\" src=\"https:\/\/open.spotify.com\/embed\/album\/48iTowLUPCPJLsCYtebbPd?utm_source=generator\" width=\"100%\" height=\"352\" frameborder=\"0\" allowfullscreen=\"allowfullscreen\" data-testid=\"embed-iframe\" data-mce-fragment=\"1\"><\/iframe><\/p>\n<p><span style=\"font-size: 14pt;\">Musiciens\u00a0:<\/span><\/p>\n<p><span style=\"font-size: 14pt;\"><strong>Pierre de Bethmann<\/strong>\u00a0: piano<\/span><\/p>\n<p><span style=\"font-size: 14pt;\"><strong>Nelson Veras<\/strong>\u00a0: guitare<\/span><\/p>\n<p><span style=\"font-size: 14pt;\"><strong>Sylvain Romano<\/strong>\u00a0: contrebasse<\/span><\/p>\n<p><span style=\"font-size: 14pt;\"><strong><em>Essais \/ Volume 6<\/em><\/strong>, <span style=\"color: #ff0000;\"><strong>Hit Couleurs Jazz<\/strong><\/span>, est sorti sous le label de l\u2019artiste, <em><strong>Alea<\/strong><\/em>, le 23 janvier 2026<\/span><\/p>\n<p><span style=\"font-size: 14pt;\"><strong>\u00a9Photo Header Gildas Bocl\u00e9<\/strong><\/span><\/p>\n","protected":false},"excerpt":{"rendered":"<p>Les huit th\u00e8mes de ce nouvel opus du trio de Pierre de Bethmann proviennent de la m\u00eame s\u00e9ance d\u2019enregistrement que celle qui a donn\u00e9 naissance au Volume 5 de ses&#8230;<\/p>\n","protected":false},"author":178,"featured_media":44974,"comment_status":"open","ping_status":"open","sticky":false,"template":"","format":"standard","meta":{"_acf_changed":false,"footnotes":""},"categories":[70,13,202,969],"tags":[208,1105,1107],"class_list":{"0":"post-44979","1":"post","2":"type-post","3":"status-publish","4":"format-standard","5":"has-post-thumbnail","7":"category-a-la-une","8":"category-actualite","9":"category-dans-les-bacs","10":"category-hits-couleurs-jazz","11":"tag-nelson-veras","12":"tag-pierre-de-bethmann-fr","13":"tag-sylvain-romano-fr"},"acf":[],"_links":{"self":[{"href":"https:\/\/couleursjazz.fr\/fr\/wp-json\/wp\/v2\/posts\/44979","targetHints":{"allow":["GET"]}}],"collection":[{"href":"https:\/\/couleursjazz.fr\/fr\/wp-json\/wp\/v2\/posts"}],"about":[{"href":"https:\/\/couleursjazz.fr\/fr\/wp-json\/wp\/v2\/types\/post"}],"author":[{"embeddable":true,"href":"https:\/\/couleursjazz.fr\/fr\/wp-json\/wp\/v2\/users\/178"}],"replies":[{"embeddable":true,"href":"https:\/\/couleursjazz.fr\/fr\/wp-json\/wp\/v2\/comments?post=44979"}],"version-history":[{"count":1,"href":"https:\/\/couleursjazz.fr\/fr\/wp-json\/wp\/v2\/posts\/44979\/revisions"}],"predecessor-version":[{"id":44980,"href":"https:\/\/couleursjazz.fr\/fr\/wp-json\/wp\/v2\/posts\/44979\/revisions\/44980"}],"wp:featuredmedia":[{"embeddable":true,"href":"https:\/\/couleursjazz.fr\/fr\/wp-json\/wp\/v2\/media\/44974"}],"wp:attachment":[{"href":"https:\/\/couleursjazz.fr\/fr\/wp-json\/wp\/v2\/media?parent=44979"}],"wp:term":[{"taxonomy":"category","embeddable":true,"href":"https:\/\/couleursjazz.fr\/fr\/wp-json\/wp\/v2\/categories?post=44979"},{"taxonomy":"post_tag","embeddable":true,"href":"https:\/\/couleursjazz.fr\/fr\/wp-json\/wp\/v2\/tags?post=44979"}],"curies":[{"name":"wp","href":"https:\/\/api.w.org\/{rel}","templated":true}]}}