{"id":44889,"date":"2026-01-02T21:35:48","date_gmt":"2026-01-02T20:35:48","guid":{"rendered":"https:\/\/couleursjazz.fr\/?p=44889"},"modified":"2026-01-09T21:57:02","modified_gmt":"2026-01-09T20:57:02","slug":"noe-huchard-young-and-fine","status":"publish","type":"post","link":"https:\/\/couleursjazz.fr\/fr\/noe-huchard-young-and-fine\/","title":{"rendered":"No\u00e9 Huchard &#8211; Young and Fine"},"content":{"rendered":"<p style=\"font-weight: 400;\"><span style=\"font-size: 14pt;\"><strong>Il y a dans la musique de No\u00e9 Huchard une \u00e9nergie joyeuse et d\u00e9bordante qui se d\u00e9verse en coul\u00e9es m\u00e9lodiques d\u2019une vigueur admirable. <\/strong><\/span><\/p>\n<p style=\"font-weight: 400;\"><span style=\"font-size: 14pt;\">Sur des compositions majoritairement de sa plume, le pianiste \u2014 qui ajoute par endroits sa voix sous forme de ch\u0153urs en re-recording et des percussions discr\u00e8tes \u2014 propose des paysages sonores contrast\u00e9s o\u00f9 son toucher tant\u00f4t vigoureux tant\u00f4t plus retenu fait merveille. Si le primat est ici donn\u00e9 au cantabile,<strong> Huchard<\/strong> a l\u2019art d\u2019alterner les longues phrases m\u00e9lodiques o\u00f9 c\u2019est la main droite qui pr\u00e9domine et les accords subtils de la main gauche.<\/span><\/p>\n<p style=\"font-weight: 400;\"><span style=\"font-size: 14pt;\">Il y a fr\u00e9quemment dans ses th\u00e8mes une candeur juv\u00e9nile qui alterne avec des passages o\u00f9 c\u2019est une grande maturit\u00e9 qui se fait jour.<\/span><\/p>\n<p style=\"font-weight: 400;\"><span style=\"font-size: 14pt;\">Dans ce contexte l\u2019accompagnement de ses deux partenaires est de tout premier ordre et on sent qu\u2019ils sont en totale empathie avec le leader auquel ils apportent un jeu d\u2019une finesse remarquable.<\/span><\/p>\n<p style=\"font-weight: 400;\"><span style=\"font-size: 14pt;\">Plut\u00f4t que de se cantonner \u00e0 un jeu en trio \u2014 un art dans lequel il excelle \u2014 <strong>Huchard<\/strong> a choisi, en ajoutant sa voix sur plusieurs titres, de donner \u00e0 ces th\u00e8mes une dimension lyrique fort bienvenue.<\/span><\/p>\n<p style=\"font-weight: 400;\"><span style=\"font-size: 14pt;\">C\u2019est donc un enregistrement d\u2019une grande originalit\u00e9 qui nous est propos\u00e9, un second opus d\u2019un jeune musicien en pleine possession de ses moyens et qu\u2019on aura plaisir \u00e0 suivre dans un parcours musical hautement prometteur.<\/span><\/p>\n<p><iframe loading=\"lazy\" style=\"border-radius: 12px;\" src=\"https:\/\/open.spotify.com\/embed\/album\/6s9eXZWRYGSsnSvCosMil5?utm_source=generator\" width=\"100%\" height=\"352\" frameborder=\"0\" allowfullscreen=\"allowfullscreen\" data-testid=\"embed-iframe\"><\/iframe><\/p>\n<p style=\"font-weight: 400;\"><span style=\"font-size: 14pt;\">Musiciens\u00a0:<\/span><\/p>\n<p style=\"font-weight: 400;\"><span style=\"font-size: 14pt;\"><strong>No\u00e9 Huchard<\/strong>\u00a0: piano, voix, percussion<\/span><\/p>\n<p style=\"font-weight: 400;\"><span style=\"font-size: 14pt;\"><strong>Cl\u00e9ment Daldosso<\/strong>\u00a0: contrebasse<\/span><\/p>\n<p style=\"font-weight: 400;\"><span style=\"font-size: 14pt;\"><strong>Donald Kontomanou<\/strong>\u00a0: batterie<\/span><\/p>\n<p style=\"font-weight: 400;\"><span style=\"font-size: 14pt;\"><strong><em>Young and Fine<\/em><\/strong> est une autoproduction de <strong>No\u00e9 Huchard,<\/strong> dans les bacs depuis le 12 d\u00e9cembre 2025, en <strong>SELECTION<\/strong> sur Couleurs Jazz Radio.<\/span><\/p>\n<p style=\"font-weight: 400;\"><span style=\"font-size: 14pt;\">\u00a9Photo Header Guillaume Saix<\/span><\/p>\n","protected":false},"excerpt":{"rendered":"<p>Il y a dans la musique de No\u00e9 Huchard une \u00e9nergie joyeuse et d\u00e9bordante qui se d\u00e9verse en coul\u00e9es m\u00e9lodiques d\u2019une vigueur admirable. Sur des compositions majoritairement de sa plume,&#8230;<\/p>\n","protected":false},"author":178,"featured_media":44890,"comment_status":"open","ping_status":"open","sticky":false,"template":"","format":"standard","meta":{"_acf_changed":false,"footnotes":""},"categories":[70,202],"tags":[4489,4662,4487],"class_list":{"0":"post-44889","1":"post","2":"type-post","3":"status-publish","4":"format-standard","5":"has-post-thumbnail","7":"category-a-la-une","8":"category-dans-les-bacs","9":"tag-clement-daldosso-fr","10":"tag-donald-kontomanou-fr","11":"tag-noe-huchard-fr"},"acf":[],"_links":{"self":[{"href":"https:\/\/couleursjazz.fr\/fr\/wp-json\/wp\/v2\/posts\/44889","targetHints":{"allow":["GET"]}}],"collection":[{"href":"https:\/\/couleursjazz.fr\/fr\/wp-json\/wp\/v2\/posts"}],"about":[{"href":"https:\/\/couleursjazz.fr\/fr\/wp-json\/wp\/v2\/types\/post"}],"author":[{"embeddable":true,"href":"https:\/\/couleursjazz.fr\/fr\/wp-json\/wp\/v2\/users\/178"}],"replies":[{"embeddable":true,"href":"https:\/\/couleursjazz.fr\/fr\/wp-json\/wp\/v2\/comments?post=44889"}],"version-history":[{"count":1,"href":"https:\/\/couleursjazz.fr\/fr\/wp-json\/wp\/v2\/posts\/44889\/revisions"}],"predecessor-version":[{"id":44894,"href":"https:\/\/couleursjazz.fr\/fr\/wp-json\/wp\/v2\/posts\/44889\/revisions\/44894"}],"wp:featuredmedia":[{"embeddable":true,"href":"https:\/\/couleursjazz.fr\/fr\/wp-json\/wp\/v2\/media\/44890"}],"wp:attachment":[{"href":"https:\/\/couleursjazz.fr\/fr\/wp-json\/wp\/v2\/media?parent=44889"}],"wp:term":[{"taxonomy":"category","embeddable":true,"href":"https:\/\/couleursjazz.fr\/fr\/wp-json\/wp\/v2\/categories?post=44889"},{"taxonomy":"post_tag","embeddable":true,"href":"https:\/\/couleursjazz.fr\/fr\/wp-json\/wp\/v2\/tags?post=44889"}],"curies":[{"name":"wp","href":"https:\/\/api.w.org\/{rel}","templated":true}]}}